[{"@context":"https:\/\/schema.org\/","@type":"Blog","@id":"https:\/\/www.vase-reklama.cz#Blog","headline":"Va\u0161e reklama","description":"\nSh\u00e1n\u00edte lep\u0161\u00ed pozici pro svou firmu? Chyb\u00ed v\u00e1m klientela? Doporu\u010dujeme vyzkou\u0161et na\u0161i specializovanou webovou str\u00e1nku, na kter\u00e9 lze publikovat pravideln\u011b velk\u00e9 mno\u017estv\u00ed PR text\u016f, kter\u00e9 jsou pak velice \u00fa\u010dinn\u00e9.","url":"https:\/\/www.vase-reklama.cz","hasPart":[{"@type":"Article","@id":"https:\/\/www.vase-reklama.cz\/pariz-mesto-lasky\/","headline":"Pa\u0159\u00ed\u017e \u2013 m\u011bsto l\u00e1sky","url":"https:\/\/www.vase-reklama.cz\/pariz-mesto-lasky\/","datePublished":"2026-08-15","dateModified":"2023-04-28","mainEntityOfPage":"https:\/\/www.vase-reklama.cz\/pariz-mesto-lasky\/","author":{"@type":"Person","@id":"https:\/\/www.vase-reklama.cz\/author\/#Person","name":"vase-reklama.cz\n","url":"https:\/\/www.vase-reklama.cz\/author\/","identifier":1,"image":{"@type":"ImageObject","@id":"https:\/\/secure.gravatar.com\/avatar\/9bbe1b3bd68cf5b616cc697a459b86e3be4df6c120806baf939f8aad94b0a3d6?s=96&d=mm&r=g","url":"https:\/\/secure.gravatar.com\/avatar\/9bbe1b3bd68cf5b616cc697a459b86e3be4df6c120806baf939f8aad94b0a3d6?s=96&d=mm&r=g","height":96,"width":96}},"publisher":{"@type":"Organization","name":"vase-reklama.cz","logo":{"@type":"ImageObject","@id":"\/logo.png","url":"\/logo.png","width":600,"height":60}},"image":{"@type":"ImageObject","@id":"https:\/\/www.vase-reklama.cz\/wp-content\/uploads\/art285106_4x3_20260816_212911_nisQrf.jpg","url":"https:\/\/www.vase-reklama.cz\/wp-content\/uploads\/art285106_4x3_20260816_212911_nisQrf.jpg","height":0,"width":0},"wordCount":661,"keywords":null},{"@type":"Article","@id":"https:\/\/www.vase-reklama.cz\/tri-francouzske-lokality-ktere-musite-navstivit\/","headline":"T\u0159i francouzsk\u00e9 lokality, kter\u00e9 mus\u00edte nav\u0161t\u00edvit","url":"https:\/\/www.vase-reklama.cz\/tri-francouzske-lokality-ktere-musite-navstivit\/","datePublished":"2026-08-08","dateModified":"2023-04-28","mainEntityOfPage":"https:\/\/www.vase-reklama.cz\/tri-francouzske-lokality-ktere-musite-navstivit\/","author":{"@type":"Person","@id":"https:\/\/www.vase-reklama.cz\/author\/#Person","name":"vase-reklama.cz\n","url":"https:\/\/www.vase-reklama.cz\/author\/","identifier":1,"image":{"@type":"ImageObject","@id":"https:\/\/secure.gravatar.com\/avatar\/9bbe1b3bd68cf5b616cc697a459b86e3be4df6c120806baf939f8aad94b0a3d6?s=96&d=mm&r=g","url":"https:\/\/secure.gravatar.com\/avatar\/9bbe1b3bd68cf5b616cc697a459b86e3be4df6c120806baf939f8aad94b0a3d6?s=96&d=mm&r=g","height":96,"width":96}},"publisher":{"@type":"Organization","name":"vase-reklama.cz","logo":{"@type":"ImageObject","@id":"\/logo.png","url":"\/logo.png","width":600,"height":60}},"image":{"@type":"ImageObject","@id":"https:\/\/www.vase-reklama.cz\/wp-content\/uploads\/art285105_3x2_20260822_000652_MUJGrW.jpg","url":"https:\/\/www.vase-reklama.cz\/wp-content\/uploads\/art285105_3x2_20260822_000652_MUJGrW.jpg","height":0,"width":0},"wordCount":488,"keywords":null},{"@type":"Article","@id":"https:\/\/www.vase-reklama.cz\/kanibalisticka-minulost-prekrasneho-souostrovi-fidzi\/","headline":"Kanibalistick\u00e1 minulost p\u0159ekr\u00e1sn\u00e9ho souostrov\u00ed Fid\u017ei","url":"https:\/\/www.vase-reklama.cz\/kanibalisticka-minulost-prekrasneho-souostrovi-fidzi\/","datePublished":"2026-08-08","dateModified":"2023-04-28","mainEntityOfPage":"https:\/\/www.vase-reklama.cz\/kanibalisticka-minulost-prekrasneho-souostrovi-fidzi\/","author":{"@type":"Person","@id":"https:\/\/www.vase-reklama.cz\/author\/#Person","name":"vase-reklama.cz\n","url":"https:\/\/www.vase-reklama.cz\/author\/","identifier":1,"image":{"@type":"ImageObject","@id":"https:\/\/secure.gravatar.com\/avatar\/9bbe1b3bd68cf5b616cc697a459b86e3be4df6c120806baf939f8aad94b0a3d6?s=96&d=mm&r=g","url":"https:\/\/secure.gravatar.com\/avatar\/9bbe1b3bd68cf5b616cc697a459b86e3be4df6c120806baf939f8aad94b0a3d6?s=96&d=mm&r=g","height":96,"width":96}},"publisher":{"@type":"Organization","name":"vase-reklama.cz","logo":{"@type":"ImageObject","@id":"\/logo.png","url":"\/logo.png","width":600,"height":60}},"image":{"@type":"ImageObject","@id":"https:\/\/www.vase-reklama.cz\/wp-content\/uploads\/art284959_4x3_20260821_223616_ysjK5o.jpg","url":"https:\/\/www.vase-reklama.cz\/wp-content\/uploads\/art284959_4x3_20260821_223616_ysjK5o.jpg","height":0,"width":0},"wordCount":496,"keywords":null},{"@type":"Article","@id":"https:\/\/www.vase-reklama.cz\/snizeni-ekologicke-zateze\/","headline":"Sn\u00ed\u017een\u00ed ekologick\u00e9 z\u00e1t\u011b\u017ee","url":"https:\/\/www.vase-reklama.cz\/snizeni-ekologicke-zateze\/","datePublished":"2026-08-02","dateModified":"2023-04-28","mainEntityOfPage":"https:\/\/www.vase-reklama.cz\/snizeni-ekologicke-zateze\/","author":{"@type":"Person","@id":"https:\/\/www.vase-reklama.cz\/author\/#Person","name":"vase-reklama.cz\n","url":"https:\/\/www.vase-reklama.cz\/author\/","identifier":1,"image":{"@type":"ImageObject","@id":"https:\/\/secure.gravatar.com\/avatar\/9bbe1b3bd68cf5b616cc697a459b86e3be4df6c120806baf939f8aad94b0a3d6?s=96&d=mm&r=g","url":"https:\/\/secure.gravatar.com\/avatar\/9bbe1b3bd68cf5b616cc697a459b86e3be4df6c120806baf939f8aad94b0a3d6?s=96&d=mm&r=g","height":96,"width":96}},"publisher":{"@type":"Organization","name":"vase-reklama.cz","logo":{"@type":"ImageObject","@id":"\/logo.png","url":"\/logo.png","width":600,"height":60}},"image":{"@type":"ImageObject","@id":"https:\/\/www.vase-reklama.cz\/wp-content\/uploads\/art283548_4x3_20260820_214407_h2DAJ6.jpg","url":"https:\/\/www.vase-reklama.cz\/wp-content\/uploads\/art283548_4x3_20260820_214407_h2DAJ6.jpg","height":0,"width":0},"wordCount":467,"keywords":null},{"@type":"Article","@id":"https:\/\/www.vase-reklama.cz\/jak-predchazet-ryme\/","headline":"Jak p\u0159edch\u00e1zet r\u00fdm\u011b","url":"https:\/\/www.vase-reklama.cz\/jak-predchazet-ryme\/","datePublished":"2026-06-26","dateModified":"2023-04-28","mainEntityOfPage":"https:\/\/www.vase-reklama.cz\/jak-predchazet-ryme\/","author":{"@type":"Person","@id":"https:\/\/www.vase-reklama.cz\/author\/#Person","name":"vase-reklama.cz\n","url":"https:\/\/www.vase-reklama.cz\/author\/","identifier":1,"image":{"@type":"ImageObject","@id":"https:\/\/secure.gravatar.com\/avatar\/9bbe1b3bd68cf5b616cc697a459b86e3be4df6c120806baf939f8aad94b0a3d6?s=96&d=mm&r=g","url":"https:\/\/secure.gravatar.com\/avatar\/9bbe1b3bd68cf5b616cc697a459b86e3be4df6c120806baf939f8aad94b0a3d6?s=96&d=mm&r=g","height":96,"width":96}},"publisher":{"@type":"Organization","name":"vase-reklama.cz","logo":{"@type":"ImageObject","@id":"\/logo.png","url":"\/logo.png","width":600,"height":60}},"image":{"@type":"ImageObject","@id":"https:\/\/www.vase-reklama.cz\/wp-content\/uploads\/art281237_3x2_20260617_233441_u6XvYq.jpg","url":"https:\/\/www.vase-reklama.cz\/wp-content\/uploads\/art281237_3x2_20260617_233441_u6XvYq.jpg","height":0,"width":0},"wordCount":476,"keywords":null},{"@type":"Article","@id":"https:\/\/www.vase-reklama.cz\/zelena-rasa-v-nasem-jidelnicku\/","headline":"Zelen\u00e1 \u0159asa v na\u0161em j\u00eddeln\u00ed\u010dku","url":"https:\/\/www.vase-reklama.cz\/zelena-rasa-v-nasem-jidelnicku\/","datePublished":"2026-06-25","dateModified":"2023-04-28","mainEntityOfPage":"https:\/\/www.vase-reklama.cz\/zelena-rasa-v-nasem-jidelnicku\/","author":{"@type":"Person","@id":"https:\/\/www.vase-reklama.cz\/author\/#Person","name":"vase-reklama.cz\n","url":"https:\/\/www.vase-reklama.cz\/author\/","identifier":1,"image":{"@type":"ImageObject","@id":"https:\/\/secure.gravatar.com\/avatar\/9bbe1b3bd68cf5b616cc697a459b86e3be4df6c120806baf939f8aad94b0a3d6?s=96&d=mm&r=g","url":"https:\/\/secure.gravatar.com\/avatar\/9bbe1b3bd68cf5b616cc697a459b86e3be4df6c120806baf939f8aad94b0a3d6?s=96&d=mm&r=g","height":96,"width":96}},"publisher":{"@type":"Organization","name":"vase-reklama.cz","logo":{"@type":"ImageObject","@id":"\/logo.png","url":"\/logo.png","width":600,"height":60}},"image":{"@type":"ImageObject","@id":"https:\/\/www.vase-reklama.cz\/wp-content\/uploads\/art281238_4x3_20260617_233613_MylUWw.jpg","url":"https:\/\/www.vase-reklama.cz\/wp-content\/uploads\/art281238_4x3_20260617_233613_MylUWw.jpg","height":0,"width":0},"wordCount":531,"keywords":null},{"@type":"Article","@id":"https:\/\/www.vase-reklama.cz\/kapezetka\/","headline":"K\u00e1P\u00e9Zetka","url":"https:\/\/www.vase-reklama.cz\/kapezetka\/","datePublished":"2026-06-23","dateModified":"2023-04-28","mainEntityOfPage":"https:\/\/www.vase-reklama.cz\/kapezetka\/","author":{"@type":"Person","@id":"https:\/\/www.vase-reklama.cz\/author\/#Person","name":"vase-reklama.cz\n","url":"https:\/\/www.vase-reklama.cz\/author\/","identifier":1,"image":{"@type":"ImageObject","@id":"https:\/\/secure.gravatar.com\/avatar\/9bbe1b3bd68cf5b616cc697a459b86e3be4df6c120806baf939f8aad94b0a3d6?s=96&d=mm&r=g","url":"https:\/\/secure.gravatar.com\/avatar\/9bbe1b3bd68cf5b616cc697a459b86e3be4df6c120806baf939f8aad94b0a3d6?s=96&d=mm&r=g","height":96,"width":96}},"publisher":{"@type":"Organization","name":"vase-reklama.cz","logo":{"@type":"ImageObject","@id":"\/logo.png","url":"\/logo.png","width":600,"height":60}},"image":{"@type":"ImageObject","@id":"https:\/\/www.vase-reklama.cz\/wp-content\/uploads\/art280642_16x9_20260617_131059_PiYdqj.jpg","url":"https:\/\/www.vase-reklama.cz\/wp-content\/uploads\/art280642_16x9_20260617_131059_PiYdqj.jpg","height":0,"width":0},"wordCount":491,"keywords":null},{"@type":"Article","@id":"https:\/\/www.vase-reklama.cz\/zbrane-pivo-ve-skle-a-fajn-boty-to-jsou-vyrobky-ceske-kolebky\/","headline":"Zbran\u011b, pivo ve skle a fajn boty. To jsou v\u00fdrobky \u010desk\u00e9 kol\u00e9bky","url":"https:\/\/www.vase-reklama.cz\/zbrane-pivo-ve-skle-a-fajn-boty-to-jsou-vyrobky-ceske-kolebky\/","datePublished":"2026-06-21","dateModified":"2023-04-28","mainEntityOfPage":"https:\/\/www.vase-reklama.cz\/zbrane-pivo-ve-skle-a-fajn-boty-to-jsou-vyrobky-ceske-kolebky\/","author":{"@type":"Person","@id":"https:\/\/www.vase-reklama.cz\/author\/#Person","name":"vase-reklama.cz\n","url":"https:\/\/www.vase-reklama.cz\/author\/","identifier":1,"image":{"@type":"ImageObject","@id":"https:\/\/secure.gravatar.com\/avatar\/9bbe1b3bd68cf5b616cc697a459b86e3be4df6c120806baf939f8aad94b0a3d6?s=96&d=mm&r=g","url":"https:\/\/secure.gravatar.com\/avatar\/9bbe1b3bd68cf5b616cc697a459b86e3be4df6c120806baf939f8aad94b0a3d6?s=96&d=mm&r=g","height":96,"width":96}},"publisher":{"@type":"Organization","name":"vase-reklama.cz","logo":{"@type":"ImageObject","@id":"\/logo.png","url":"\/logo.png","width":600,"height":60}},"image":{"@type":"ImageObject","@id":"https:\/\/www.vase-reklama.cz\/wp-content\/uploads\/art280641_4x3_20260617_130925_JzBb5C.jpg","url":"https:\/\/www.vase-reklama.cz\/wp-content\/uploads\/art280641_4x3_20260617_130925_JzBb5C.jpg","height":0,"width":0},"wordCount":497,"keywords":null},{"@type":"Article","@id":"https:\/\/www.vase-reklama.cz\/znate-mydlici\/","headline":"Zn\u00e1te mydlici?","url":"https:\/\/www.vase-reklama.cz\/znate-mydlici\/","datePublished":"2026-06-20","dateModified":"2023-04-28","mainEntityOfPage":"https:\/\/www.vase-reklama.cz\/znate-mydlici\/","author":{"@type":"Person","@id":"https:\/\/www.vase-reklama.cz\/author\/#Person","name":"vase-reklama.cz\n","url":"https:\/\/www.vase-reklama.cz\/author\/","identifier":1,"image":{"@type":"ImageObject","@id":"https:\/\/secure.gravatar.com\/avatar\/9bbe1b3bd68cf5b616cc697a459b86e3be4df6c120806baf939f8aad94b0a3d6?s=96&d=mm&r=g","url":"https:\/\/secure.gravatar.com\/avatar\/9bbe1b3bd68cf5b616cc697a459b86e3be4df6c120806baf939f8aad94b0a3d6?s=96&d=mm&r=g","height":96,"width":96}},"publisher":{"@type":"Organization","name":"vase-reklama.cz","logo":{"@type":"ImageObject","@id":"\/logo.png","url":"\/logo.png","width":600,"height":60}},"image":{"@type":"ImageObject","@id":"https:\/\/www.vase-reklama.cz\/wp-content\/uploads\/art281236_1x1_20260617_233313_vazrXw.jpg","url":"https:\/\/www.vase-reklama.cz\/wp-content\/uploads\/art281236_1x1_20260617_233313_vazrXw.jpg","height":0,"width":0},"wordCount":660,"keywords":null},{"@type":"Article","@id":"https:\/\/www.vase-reklama.cz\/leto-plne-aktivit\/","headline":"L\u00e9to pln\u00e9 aktivit","url":"https:\/\/www.vase-reklama.cz\/leto-plne-aktivit\/","datePublished":"2026-06-17","dateModified":"2026-06-17","mainEntityOfPage":"https:\/\/www.vase-reklama.cz\/leto-plne-aktivit\/","author":{"@type":"Person","@id":"https:\/\/www.vase-reklama.cz\/author\/#Person","name":"vase-reklama.cz\n","url":"https:\/\/www.vase-reklama.cz\/author\/","identifier":1,"image":{"@type":"ImageObject","@id":"https:\/\/secure.gravatar.com\/avatar\/9bbe1b3bd68cf5b616cc697a459b86e3be4df6c120806baf939f8aad94b0a3d6?s=96&d=mm&r=g","url":"https:\/\/secure.gravatar.com\/avatar\/9bbe1b3bd68cf5b616cc697a459b86e3be4df6c120806baf939f8aad94b0a3d6?s=96&d=mm&r=g","height":96,"width":96}},"publisher":{"@type":"Organization","name":"vase-reklama.cz","logo":{"@type":"ImageObject","@id":"\/logo.png","url":"\/logo.png","width":600,"height":60}},"image":{"@type":"ImageObject","@id":"https:\/\/www.vase-reklama.cz\/wp-content\/uploads\/mirkostoedter-reading-7807231_640_1.jpg","url":"https:\/\/www.vase-reklama.cz\/wp-content\/uploads\/mirkostoedter-reading-7807231_640_1.jpg","height":0,"width":0},"wordCount":584,"keywords":null}]},{"@context":"https:\/\/schema.org","@type":"WebSite","@id":"https:\/\/www.vase-reklama.cz\/#website","name":"Va\u0161e reklama","url":"https:\/\/www.vase-reklama.cz","potentialAction":{"@type":"SearchAction","target":"https:\/\/www.vase-reklama.cz\/?s={search_term_string}","query-input":"required name=search_term_string"}}]