[{"@context":"https:\/\/schema.org\/","@type":"Article","@id":"https:\/\/www.vase-reklama.cz\/kdy-je-nacase-zmenit-praci\/#Article","mainEntityOfPage":"https:\/\/www.vase-reklama.cz\/kdy-je-nacase-zmenit-praci\/","headline":"Kdy je na\u010dase zm\u011bnit pr\u00e1ci?","name":"Kdy je na\u010dase zm\u011bnit pr\u00e1ci?","description":"V\u00a0p\u0159\u00edpad\u011b, \u017ee za\u010d\u00ednaj\u00ed negativn\u00ed pocity sp\u00ed\u0161e p\u0159evl\u00e1dat, je na\u010dase za\u010d\u00edt uva\u017eovat o zm\u011bn\u011b. Rozhodn\u011b se toho nebojte, m\u016f\u017ee se jednat o zm\u011bnu \u017eivotn\u00ed, za kterou budete jednou opravdu r\u00e1di. Pod\u00edvejme se te\u010f spolu na to, kdy je na\u010dase o takov\u00e9 zm\u011bn\u011b za\u010d\u00edt p\u0159em\u00fd\u0161let. Pokud se v\u00a0t\u011bchto bodech pozn\u00e1v\u00e1te, jste kandid\u00e1tem na p\u0159ehodnocen\u00ed sv\u00e9 pracovn\u00ed kari\u00e9ry. &hellip; <a href=\"https:\/\/www.vase-reklama.cz\/kdy-je-nacase-zmenit-praci\/\" class=\"more-link\">Pokra\u010dov\u00e1n\u00ed textu <span class=\"screen-reader-text\">Kdy je na\u010dase zm\u011bnit pr\u00e1ci?<\/span> <span class=\"meta-nav\">&rarr;<\/span><\/a>","datePublished":"2025-03-03","dateModified":"2023-04-28","author":{"@type":"Person","@id":"https:\/\/www.vase-reklama.cz\/author\/#Person","name":"vase-reklama.cz\n","url":"https:\/\/www.vase-reklama.cz\/author\/","identifier":1,"image":{"@type":"ImageObject","@id":"https:\/\/secure.gravatar.com\/avatar\/9bbe1b3bd68cf5b616cc697a459b86e3be4df6c120806baf939f8aad94b0a3d6?s=96&d=mm&r=g","url":"https:\/\/secure.gravatar.com\/avatar\/9bbe1b3bd68cf5b616cc697a459b86e3be4df6c120806baf939f8aad94b0a3d6?s=96&d=mm&r=g","height":96,"width":96}},"publisher":{"@type":"Organization","name":"vase-reklama.cz","logo":{"@type":"ImageObject","@id":"\/logo.png","url":"\/logo.png","width":600,"height":60}},"image":{"@type":"ImageObject","@id":"https:\/\/www.vase-reklama.cz\/wp-content\/uploads\/img_a308613_w1952_t1519680764.jpg","url":"https:\/\/www.vase-reklama.cz\/wp-content\/uploads\/img_a308613_w1952_t1519680764.jpg","height":0,"width":0},"url":"https:\/\/www.vase-reklama.cz\/kdy-je-nacase-zmenit-praci\/","about":["Business"],"wordCount":455,"articleBody":"V\u00a0p\u0159\u00edpad\u011b, \u017ee za\u010d\u00ednaj\u00ed negativn\u00ed pocity sp\u00ed\u0161e p\u0159evl\u00e1dat, je na\u010dase za\u010d\u00edt uva\u017eovat o zm\u011bn\u011b. Rozhodn\u011b se toho nebojte, m\u016f\u017ee se jednat o zm\u011bnu \u017eivotn\u00ed, za kterou budete jednou opravdu r\u00e1di. Pod\u00edvejme se te\u010f spolu na to, kdy je na\u010dase o takov\u00e9 zm\u011bn\u011b za\u010d\u00edt p\u0159em\u00fd\u0161let. Pokud se v\u00a0t\u011bchto bodech pozn\u00e1v\u00e1te, jste kandid\u00e1tem na p\u0159ehodnocen\u00ed sv\u00e9 pracovn\u00ed kari\u00e9ry. V\u00a0podstat\u011b se m\u016f\u017ee jednat o zm\u011bnu kosmetickou \u2013 nap\u0159\u00edklad z\u016fstat v\u00a0oboru, jen zm\u011bnit p\u016fsobi\u0161t\u011b. Nebo u\u017e v\u00e1s st\u00edh\u00e1 kompletn\u00ed nez\u00e1jem o obor a zm\u011bn\u00edte pr\u00e1ci \u00fapln\u011b. Kdy k\u00a0tomu ale m\u00e1 doj\u00edt?V\u00a0p\u0159\u00edpad\u011b, \u017ee \u2026&#8211;\u00a0m\u00e1te mezilidsk\u00e9 probl\u00e9my v\u00a0pr\u00e1ciVelmi \u010dast\u00fdm d\u016fvodem ke zm\u011bn\u011b jsou pr\u00e1v\u011b vztahy s\u00a0kolegy \u010di nad\u0159\u00edzen\u00fdmi. V\u00a0p\u0159\u00edpad\u011b, \u017ee ani s\u00a0pomoc\u00ed dobr\u00e9 komunikace nem\u016f\u017eete s\u00a0t\u00edmto stavem nic d\u011blat, je \u010das se poohl\u00e9dnout jinde.&#8211;\u00a0m\u00e1te mezilidsk\u00e9 probl\u00e9my i domaPr\u00e1ce se n\u00e1m v\u017edy prom\u00edt\u00e1 n\u011bjak\u00fdm zp\u016fsobem i do \u017eivota osobn\u00edho. Pokud v negativn\u00edm sm\u011bru, za\u010dn\u011bte p\u0159em\u00fd\u0161let o tom, jestli v\u00e1m to za to stoj\u00ed. \u010casto se rodin\u011b nel\u00edb\u00ed, \u017ee jste \u010dasto pry\u010d a potom se zbyte\u010dn\u011b h\u00e1d\u00e1te. D\u016fvody zhor\u0161en\u00fdch vztah\u016f mohou b\u00fdt jak\u00e9koli.&#8211;\u00a0o sebe p\u0159est\u00e1v\u00e1te pe\u010dovatI takto zd\u00e1nliv\u00e1 banalita v\u00e1m m\u016f\u017ee uk\u00e1zat, jak na tom jste. Jestli\u017ee jste si v\u0161imli, \u017ee u\u017e v\u00e1s skoro nic nebav\u00ed a to i v\u00a0p\u00e9\u010di o sv\u00e9 t\u011blo \u010di vzhled, je na\u010dase p\u0159em\u00fd\u0161let pro\u010d. P\u0159i jak\u00e9koli nespokojenosti m\u00e1me tendence p\u00e9\u010di o sebe podce\u0148ovat. Podle fyzick\u00e9ho vzhledu dost \u010dasto odhadnete, jak na tom lid\u00e9 jsou se spokojenost\u00ed se svou osobou.&#8211;\u00a0za\u010d\u00edn\u00e1te v\u00edce pop\u00edjet \u010di kou\u0159itTyto berli\u010dky funguj\u00ed na lidstvo odjak\u017eiva. Pokud k\u00a0tomu sklouz\u00e1v\u00e1te, pop\u0159em\u00fd\u0161lejte, co v\u00e1m chyb\u00ed. Dost \u010dasto se tyto pocity propojuj\u00ed s\u00a0nespokojenost\u00ed v\u00a0pr\u00e1ci.&#8211;\u00a0za\u010d\u00edn\u00e1te b\u00fdt v\u00edce nemocn\u00edKa\u017ed\u00fd trp\u00ed na n\u011bco jin\u00e9ho. P\u0159i dlouhodob\u00e9 pracovn\u00ed nespokojenosti se v\u00e1m mohou za\u010d\u00edt hor\u0161it va\u0161e chronick\u00e9 obt\u00ed\u017ee nebo m\u016f\u017eete za\u010d\u00edt b\u00fdt jednodu\u0161e v\u00edce nemocn\u00ed. A t\u00fdk\u00e1 se to i takov\u00fdch obt\u00ed\u017e\u00ed jako je nachlazen\u00ed apod. T\u011blo se toti\u017e br\u00e1n\u00ed na fyzick\u00e9 \u00farovni.\u00a0                                                                                                                                                                                                                                                                                                                                                                                        4.1\/5 - (10 votes)        "},{"@context":"https:\/\/schema.org\/","@type":"BreadcrumbList","itemListElement":[{"@type":"ListItem","position":1,"name":"Kdy je na\u010dase zm\u011bnit pr\u00e1ci?","item":"https:\/\/www.vase-reklama.cz\/kdy-je-nacase-zmenit-praci\/#breadcrumbitem"}]}]