[{"@context":"https:\/\/schema.org\/","@type":"Article","@id":"https:\/\/www.vase-reklama.cz\/obycejni-lide-a-jejich-pohled-na-svet-financi\/#Article","mainEntityOfPage":"https:\/\/www.vase-reklama.cz\/obycejni-lide-a-jejich-pohled-na-svet-financi\/","headline":"Oby\u010dejn\u00ed lid\u00e9 a jejich pohled na sv\u011bt financ\u00ed","name":"Oby\u010dejn\u00ed lid\u00e9 a jejich pohled na sv\u011bt financ\u00ed","description":"Na\u0161e centr\u00e1ln\u00ed banka (\u010cNB), kter\u00e1 se star\u00e1 o z\u00e1sobu pen\u011bz (ob\u011b\u017eiva), sleduje a zaji\u0161\u0165uje dostatek financ\u00ed v ob\u011bhu \u2013 je to u n\u00e1s nevy\u0161\u0161\u00ed banka, kter\u00e1 (jednodu\u0161e \u0159e\u0161eno) \u201edozoruje\u201c ostatn\u00ed komer\u010dn\u00ed banky v na\u0161\u00ed zemi, ale p\u0159edev\u0161\u00edm m\u00e1 tam \u00fa\u010dty na\u0161e vl\u00e1da. \u010cNB nen\u00ed v \u017e\u00e1dn\u00e9m p\u0159\u00edpad\u011b z\u00e1visl\u00e1 na vl\u00e1d\u011b. \u010cNB podle sv\u00e9ho uv\u00e1\u017een\u00ed vyd\u00e1v\u00e1 &hellip; <a href=\"https:\/\/www.vase-reklama.cz\/obycejni-lide-a-jejich-pohled-na-svet-financi\/\" class=\"more-link\">Pokra\u010dov\u00e1n\u00ed textu <span class=\"screen-reader-text\">Oby\u010dejn\u00ed lid\u00e9 a jejich pohled na sv\u011bt financ\u00ed<\/span> <span class=\"meta-nav\">&rarr;<\/span><\/a>","datePublished":"2021-12-31","dateModified":"2021-12-31","author":{"@type":"Person","@id":"https:\/\/www.vase-reklama.cz\/author\/#Person","name":"vase-reklama.cz\n","url":"https:\/\/www.vase-reklama.cz\/author\/","identifier":1,"image":{"@type":"ImageObject","@id":"https:\/\/secure.gravatar.com\/avatar\/9bbe1b3bd68cf5b616cc697a459b86e3be4df6c120806baf939f8aad94b0a3d6?s=96&d=mm&r=g","url":"https:\/\/secure.gravatar.com\/avatar\/9bbe1b3bd68cf5b616cc697a459b86e3be4df6c120806baf939f8aad94b0a3d6?s=96&d=mm&r=g","height":96,"width":96}},"publisher":{"@type":"Organization","name":"vase-reklama.cz","logo":{"@type":"ImageObject","@id":"\/logo.png","url":"\/logo.png","width":600,"height":60}},"image":{"@type":"ImageObject","@id":"https:\/\/www.vase-reklama.cz\/wp-content\/uploads\/finance.jpg","url":"https:\/\/www.vase-reklama.cz\/wp-content\/uploads\/finance.jpg","height":0,"width":0},"url":"https:\/\/www.vase-reklama.cz\/obycejni-lide-a-jejich-pohled-na-svet-financi\/","about":["Www"],"wordCount":543,"articleBody":"   Na\u0161e centr\u00e1ln\u00ed banka (\u010cNB), kter\u00e1 se star\u00e1 o z\u00e1sobu pen\u011bz (ob\u011b\u017eiva), sleduje a zaji\u0161\u0165uje dostatek financ\u00ed v ob\u011bhu \u2013 je to u n\u00e1s nevy\u0161\u0161\u00ed banka, kter\u00e1 (jednodu\u0161e \u0159e\u0161eno) \u201edozoruje\u201c ostatn\u00ed komer\u010dn\u00ed banky v na\u0161\u00ed zemi, ale p\u0159edev\u0161\u00edm m\u00e1 tam \u00fa\u010dty na\u0161e vl\u00e1da. \u010cNB nen\u00ed v \u017e\u00e1dn\u00e9m p\u0159\u00edpad\u011b z\u00e1visl\u00e1 na vl\u00e1d\u011b.\u010cNB podle sv\u00e9ho uv\u00e1\u017een\u00ed vyd\u00e1v\u00e1 r\u016fzn\u00e1 opat\u0159en\u00ed pro stabilizaci na\u0161\u00ed ekonomiky. Podle toho sni\u017euje nebo zvy\u0161uje \u00farokov\u00e9 sazby. Na na\u0161ich webov\u00fdch str\u00e1nk\u00e1ch nebankovn\u00ed hypot\u00e9ky se m\u016f\u017eete do\u010d\u00edst i o tom, jak dok\u00e1\u017eou finance h\u00fdbat sv\u011btem Nebankovnihypoteky a co v\u0161e ovliv\u0148uj\u00ed.V\u0161ichni v\u00edme z m\u00e9di\u00ed a tisku, \u017ee ekonomika v sou\u010dasn\u00e9 dob\u011b nen\u00ed na tom nejl\u00e9pe. Co by se m\u011blo ud\u011blat pro jej\u00ed zlep\u0161en\u00ed, na to je mnoho n\u00e1zor\u016f. Oby\u010dejn\u00fd ob\u010dan \u2013 laik, se podle sv\u00e9ho selsk\u00e9ho rozumu domn\u00edv\u00e1, \u017ee m\u00e1me a\u017e p\u0159esp\u0159\u00edli\u0161 st\u00e1tn\u00edch \u00fa\u0159edn\u00edk\u016f a lid\u00ed, kte\u0159\u00ed pracuj\u00ed ve spr\u00e1vn\u00edch agend\u00e1ch. Ve\u0159ejn\u011b se o tom hovo\u0159\u00ed, \u017ee st\u00e1tn\u00ed spr\u00e1va je p\u0159ebujel\u00e1, m\u00edsto aby se nap\u0159\u00edklad digitalizac\u00ed sni\u017eoval jejich po\u010det, tak je to naopak. A tito zam\u011bstnanci nevytv\u00e1\u0159ej\u00ed hodnotu, kter\u00e1 zaji\u0161\u0165uje tok pen\u011bz. Pokud by se jejich po\u010det podstatn\u011b sn\u00ed\u017eil, m\u011blo by to v\u00e9st nejenom ke sni\u017eov\u00e1n\u00ed st\u00e1tn\u00edho dluhu, ale i inflace. A t\u00edm i k postupn\u00e9mu sni\u017eov\u00e1n\u00ed st\u00e1tn\u00edho dluhu. Proto\u017ee kdy\u017e se sn\u00ed\u017e\u00ed jejich po\u010det, pos\u00edl\u00ed se trh pr\u00e1ce \u00ad \u2013 t\u00e9 je u n\u00e1s v nab\u00eddk\u00e1ch dost. Nebo je to jinak?Je\u0161t\u011b jedno zamy\u0161len\u00ed o d\u016fchodu a d\u016fchodc\u00edch. St\u00e1le se hovo\u0159\u00ed o tom, kolik m\u00e1me d\u016fchodc\u016f s velmi n\u00edzk\u00fdm d\u016fchodem, kte\u0159\u00ed maj\u00ed d\u016fchod pod 7 \u2013 10 tis\u00edc Jsou to p\u0159ev\u00e1\u017en\u011b d\u016fchodci star\u0161\u00ed, kte\u0159\u00ed pracovali v \u010ceskoslovensku a odv\u00e1d\u011bli poctiv\u011b soci\u00e1ln\u00ed a d\u016fchodov\u00e9 d\u00e1vky. Je to velmi smutn\u00e9. Ot\u00e1zka zn\u00ed: PRO\u010c? se ka\u017edoro\u010dn\u00ed valorizace nep\u0159id\u00e1 v\u0161em NAPROSTO stejn\u00fdm d\u00edlem? Je to prost\u011b tak, bohat\u0161\u00ed d\u016fchodci z\u00edskaj\u00ed tu nejvy\u0161\u0161\u00ed \u010d\u00e1stku valorizace a ti chud\u00ed zas jen almu\u017enu \u2013 v p\u0159\u00edpad\u011b, \u017ee by se tato nespravedlivost vy\u0159e\u0161ila novou d\u016fchodovou reformou, tak ty n\u00edzk\u00e9 d\u016fchody budou relativn\u011b k p\u0159e\u017eit\u00ed. Ale to na\u0161e sou\u010dasn\u00e1 vl\u00e1da ur\u010dit\u011b nebude cht\u00edt \u0159e\u0161it. A je velmi ne\u0161\u0165astn\u00e1 druh\u00e1 v\u011bc ve sv\u011bt\u011b financ\u00ed + na\u0161\u00ed vl\u00e1dy + inflace. V\u0161e je spojeno. Co se lidem p\u0159id\u00e1, jak na mzd\u00e1ch nebo na d\u016fchodech, tak sou\u010dasn\u00e1 vysok\u00e1 m\u00edra inflace si vezme minim\u00e1ln\u011b dvojn\u00e1sobek p\u0159idan\u00fdch pen\u011bz. A p\u0159i takov\u00e9 situaci se ned\u00e1 nic u\u0161et\u0159it. Tak\u017ee p\u0159ev\u00e1\u017en\u00e1 \u010d\u00e1st obyvatel si po finan\u010dn\u00ed str\u00e1nce nepolep\u0161ili, ale naopak \u2013 zhor\u0161ila se jim jejich \u017eivotn\u00ed \u00farove\u0148.                                                                                                                                                                                                                                                                                                                                                                                                  "},{"@context":"https:\/\/schema.org\/","@type":"BreadcrumbList","itemListElement":[{"@type":"ListItem","position":1,"name":"Oby\u010dejn\u00ed lid\u00e9 a jejich pohled na sv\u011bt financ\u00ed","item":"https:\/\/www.vase-reklama.cz\/obycejni-lide-a-jejich-pohled-na-svet-financi\/#breadcrumbitem"}]}]