[{"@context":"https:\/\/schema.org\/","@type":"Article","@id":"https:\/\/www.vase-reklama.cz\/slyste-slyste-jsou-rychli-presni-zkratka-profesionalove-kazdym-coulem\/#Article","mainEntityOfPage":"https:\/\/www.vase-reklama.cz\/slyste-slyste-jsou-rychli-presni-zkratka-profesionalove-kazdym-coulem\/","headline":"Sly\u0161te, sly\u0161te! Jsou rychl\u00ed, p\u0159esn\u00ed &#8211; zkr\u00e1tka profesion\u00e1lov\u00e9 ka\u017ed\u00fdm coulem","name":"Sly\u0161te, sly\u0161te! Jsou rychl\u00ed, p\u0159esn\u00ed &#8211; zkr\u00e1tka profesion\u00e1lov\u00e9 ka\u017ed\u00fdm coulem","description":"Sly\u0161eli jste n\u011bkdy o mo\u017enosti t\u00f3nov\u00e1n\u00ed autoskel, kter\u00e9 bude provedeno s maxim\u00e1ln\u00ed rychlost\u00ed, tak\u0159\u00edkaj\u00edc t\u00e9m\u011b\u0159 na po\u010dk\u00e1n\u00ed, s maxim\u00e1ln\u00edm komfortem a v\u0161\u00edm, co k tomu pat\u0159\u00ed? Nesly\u0161eli? Pak nastra\u017ete u\u0161i, o\u010dist\u011bte si br\u00fdle a pozorn\u011b \u010dt\u011bte! Spole\u010dnost Autof\u00f3lie Morava pro v\u00e1s m\u00e1 p\u0159ipravenu lukrativn\u00ed nab\u00eddku spo\u010d\u00edvaj\u00edc\u00ed v mo\u017enosti z\u00edskat na okna va\u0161ich automobil\u016f neuv\u011b\u0159iteln\u011b kvalitn\u00ed &hellip; <a href=\"https:\/\/www.vase-reklama.cz\/slyste-slyste-jsou-rychli-presni-zkratka-profesionalove-kazdym-coulem\/\" class=\"more-link\">Pokra\u010dov\u00e1n\u00ed textu <span class=\"screen-reader-text\">Sly\u0161te, sly\u0161te! Jsou rychl\u00ed, p\u0159esn\u00ed &#8211; zkr\u00e1tka profesion\u00e1lov\u00e9 ka\u017ed\u00fdm coulem<\/span> <span class=\"meta-nav\">&rarr;<\/span><\/a>","datePublished":"2023-06-06","dateModified":"2024-06-09","author":{"@type":"Person","@id":"https:\/\/www.vase-reklama.cz\/author\/#Person","name":"vase-reklama.cz\n","url":"https:\/\/www.vase-reklama.cz\/author\/","identifier":1,"image":{"@type":"ImageObject","@id":"https:\/\/secure.gravatar.com\/avatar\/9bbe1b3bd68cf5b616cc697a459b86e3be4df6c120806baf939f8aad94b0a3d6?s=96&d=mm&r=g","url":"https:\/\/secure.gravatar.com\/avatar\/9bbe1b3bd68cf5b616cc697a459b86e3be4df6c120806baf939f8aad94b0a3d6?s=96&d=mm&r=g","height":96,"width":96}},"publisher":{"@type":"Organization","name":"vase-reklama.cz","logo":{"@type":"ImageObject","@id":"\/logo.png","url":"\/logo.png","width":600,"height":60}},"url":"https:\/\/www.vase-reklama.cz\/slyste-slyste-jsou-rychli-presni-zkratka-profesionalove-kazdym-coulem\/","wordCount":235,"articleBody":"Sly\u0161eli jste n\u011bkdy o mo\u017enosti t\u00f3nov\u00e1n\u00ed autoskel, kter\u00e9 bude provedeno s maxim\u00e1ln\u00ed rychlost\u00ed, tak\u0159\u00edkaj\u00edc t\u00e9m\u011b\u0159 na po\u010dk\u00e1n\u00ed, s maxim\u00e1ln\u00edm komfortem a v\u0161\u00edm, co k tomu pat\u0159\u00ed? Nesly\u0161eli? Pak nastra\u017ete u\u0161i, o\u010dist\u011bte si br\u00fdle a pozorn\u011b \u010dt\u011bte! Spole\u010dnost Autof\u00f3lie Morava pro v\u00e1s m\u00e1 p\u0159ipravenu lukrativn\u00ed nab\u00eddku spo\u010d\u00edvaj\u00edc\u00ed v mo\u017enosti z\u00edskat na okna va\u0161ich automobil\u016f neuv\u011b\u0159iteln\u011b kvalitn\u00ed autof\u00f3lie Brno, d\u00edky kter\u00fdm se v\u00e1\u0161 v\u016fz prom\u011bn\u00ed v dokonal\u00fd pokoj\u00ed\u010dek v zim\u011b i v l\u00e9t\u011b, prost\u011b v ka\u017ed\u00e9m ro\u010dn\u00edm obdob\u00ed.Kdy\u017e milujete st\u00edn, nen\u00ed nad \u010d\u00edm v\u00e1hat, nen\u00ed co \u0159e\u0161itTou\u017e\u00edte po st\u00ednu neust\u00e1le, jakmile vysvitne slunce? Zd\u00e1 se v\u00e1m, \u017ee v interi\u00e9ru vozu ho nikdy nedos\u00e1hnete, proto\u017ee nem\u016f\u017eete jednodu\u0161e spustit \u017ealuzie jako doma v ob\u00fdvac\u00edm pokoji, nebo alespo\u0148 zat\u00e1hnout z\u00e1v\u011bsy? Omyl, v\u00e1\u017een\u00ed! Sta\u010d\u00ed si zadat po\u017eadavek u v\u00fd\u0161e jmenovan\u00e9 spole\u010dnosti a va\u0161e touha po st\u00ednu v interi\u00e9ru va\u0161eho vozu i uprost\u0159ed parn\u00e9ho l\u00e9ta bude napln\u011bna. Je jedno, jak\u00fd druh vozidla vlastn\u00edte &#8211; kvalifikovan\u00ed zam\u011bstnanci dan\u00e9 firmy v\u017edy v\u011bd\u00ed, jak na to.                                                                                                                                                                                                                                                                                                                                                                                        4.6\/5 - (5 votes)        "},{"@context":"https:\/\/schema.org\/","@type":"BreadcrumbList","itemListElement":[{"@type":"ListItem","position":1,"name":"Sly\u0161te, sly\u0161te! Jsou rychl\u00ed, p\u0159esn\u00ed &#8211; zkr\u00e1tka profesion\u00e1lov\u00e9 ka\u017ed\u00fdm coulem","item":"https:\/\/www.vase-reklama.cz\/slyste-slyste-jsou-rychli-presni-zkratka-profesionalove-kazdym-coulem\/#breadcrumbitem"}]}]